{"id":3775,"date":"2025-05-15T23:42:09","date_gmt":"2025-05-15T23:42:09","guid":{"rendered":"https:\/\/blacktigers-sports.com\/?p=3775"},"modified":"2025-05-15T23:44:02","modified_gmt":"2025-05-15T23:44:02","slug":"3775","status":"publish","type":"post","link":"https:\/\/blacktigers-sports.com\/index.php\/2025\/05\/15\/3775\/","title":{"rendered":"Samar Mallih offre au Maroc sa premi\u00e8re m\u00e9daille d\u2019or au Championnat du Monde Cadets"},"content":{"rendered":"<p>Dans un exploit historique, la talentueuse athl\u00e8te marocaine Samar Mallih, repr\u00e9sentant le club Black Tigers Taekwondo \u2013 Sal\u00e9, a remport\u00e9 la premi\u00e8re m\u00e9daille d\u2019or du Maroc dans l\u2019histoire du Championnat du Monde Cadets, tenu \u00e0 Fujairah, \u00c9mirats Arabes Unis.<\/p>\n<p>Samar a d\u00e9montr\u00e9 une grande ma\u00eetrise technique et mentale tout au long de la comp\u00e9tition, ce qui lui a permis de s\u2019imposer brillamment et d\u2019\u00e9lever haut le drapeau marocain sur la sc\u00e8ne mondiale.<\/p>\n<p>Ce succ\u00e8s est le fruit d\u2019un travail rigoureux et d\u2019une coordination continue entre l\u2019entra\u00eeneur, la famille et l\u2019association. Il t\u00e9moigne du potentiel \u00e9norme de la jeunesse sportive marocaine lorsqu\u2019elle est bien encadr\u00e9e et soutenue.<\/p>\n<p>F\u00e9licitations \u00e0 la championne Samar Mallih et \u00e0 tous ceux qui ont contribu\u00e9 \u00e0 ce triomphe exceptionnel.<\/p>\n","protected":false},"excerpt":{"rendered":"<p>Dans un exploit historique, la talentueuse athl\u00e8te marocaine Samar Mallih, repr\u00e9sentant le club Black Tigers Taekwondo \u2013 Sal\u00e9, a remport\u00e9 la premi\u00e8re m\u00e9daille d\u2019or du Maroc dans l\u2019histoire du Championnat du Monde Cadets, tenu \u00e0 Fujairah, \u00c9mirats Arabes Unis. Samar a d\u00e9montr\u00e9 une grande ma\u00eetrise technique et mentale tout au long de la comp\u00e9tition, ce [&hellip;]<\/p>\n","protected":false},"author":2,"featured_media":3776,"comment_status":"open","ping_status":"open","sticky":false,"template":"","format":"standard","meta":{"_exactmetrics_skip_tracking":false,"_exactmetrics_sitenote_active":false,"_exactmetrics_sitenote_note":"","_exactmetrics_sitenote_category":0,"footnotes":""},"categories":[1],"tags":[],"class_list":["post-3775","post","type-post","status-publish","format-standard","has-post-thumbnail","hentry","category-uncategorized","entry","has-media"],"yoast_head":"<!-- This site is optimized with the Yoast SEO plugin v27.4 - https:\/\/yoast.com\/product\/yoast-seo-wordpress\/ -->\n<title>Samar Mallih offre au Maroc sa premi\u00e8re m\u00e9daille d\u2019or au Championnat du Monde Cadets - BLACK TIGERS<\/title>\n<meta name=\"robots\" content=\"index, follow, max-snippet:-1, max-image-preview:large, max-video-preview:-1\" \/>\n<link rel=\"canonical\" href=\"https:\/\/blacktigers-sports.com\/index.php\/2025\/05\/15\/3775\/\" \/>\n<meta property=\"og:locale\" content=\"fr_FR\" \/>\n<meta property=\"og:type\" content=\"article\" \/>\n<meta property=\"og:title\" content=\"Samar Mallih offre au Maroc sa premi\u00e8re m\u00e9daille d\u2019or au Championnat du Monde Cadets - BLACK TIGERS\" \/>\n<meta property=\"og:description\" content=\"Dans un exploit historique, la talentueuse athl\u00e8te marocaine Samar Mallih, repr\u00e9sentant le club Black Tigers Taekwondo \u2013 Sal\u00e9, a remport\u00e9 la premi\u00e8re m\u00e9daille d\u2019or du Maroc dans l\u2019histoire du Championnat du Monde Cadets, tenu \u00e0 Fujairah, \u00c9mirats Arabes Unis. Samar a d\u00e9montr\u00e9 une grande ma\u00eetrise technique et mentale tout au long de la comp\u00e9tition, ce [&hellip;]\" \/>\n<meta property=\"og:url\" content=\"https:\/\/blacktigers-sports.com\/index.php\/2025\/05\/15\/3775\/\" \/>\n<meta property=\"og:site_name\" content=\"BLACK TIGERS\" \/>\n<meta property=\"article:published_time\" content=\"2025-05-15T23:42:09+00:00\" \/>\n<meta property=\"article:modified_time\" content=\"2025-05-15T23:44:02+00:00\" \/>\n<meta property=\"og:image\" content=\"https:\/\/blacktigers-sports.com\/wp-content\/uploads\/2025\/05\/IMG_3022.jpeg\" \/>\n\t<meta property=\"og:image:width\" content=\"1440\" \/>\n\t<meta property=\"og:image:height\" content=\"1440\" \/>\n\t<meta property=\"og:image:type\" content=\"image\/jpeg\" \/>\n<meta name=\"author\" content=\"Samir Elkarroumi\" \/>\n<meta name=\"twitter:card\" content=\"summary_large_image\" \/>\n<meta name=\"twitter:label1\" content=\"\u00c9crit par\" \/>\n\t<meta name=\"twitter:data1\" content=\"Samir Elkarroumi\" \/>\n\t<meta name=\"twitter:label2\" content=\"Dur\u00e9e de lecture estim\u00e9e\" \/>\n\t<meta name=\"twitter:data2\" content=\"1 minute\" \/>\n<script type=\"application\/ld+json\" class=\"yoast-schema-graph\">{\"@context\":\"https:\\\/\\\/schema.org\",\"@graph\":[{\"@type\":\"Article\",\"@id\":\"https:\\\/\\\/blacktigers-sports.com\\\/index.php\\\/2025\\\/05\\\/15\\\/3775\\\/#article\",\"isPartOf\":{\"@id\":\"https:\\\/\\\/blacktigers-sports.com\\\/index.php\\\/2025\\\/05\\\/15\\\/3775\\\/\"},\"author\":{\"name\":\"Samir Elkarroumi\",\"@id\":\"https:\\\/\\\/blacktigers-sports.com\\\/#\\\/schema\\\/person\\\/e63251e9d6904734ab91fdbedd7049f7\"},\"headline\":\"Samar Mallih offre au Maroc sa premi\u00e8re m\u00e9daille d\u2019or au Championnat du Monde Cadets\",\"datePublished\":\"2025-05-15T23:42:09+00:00\",\"dateModified\":\"2025-05-15T23:44:02+00:00\",\"mainEntityOfPage\":{\"@id\":\"https:\\\/\\\/blacktigers-sports.com\\\/index.php\\\/2025\\\/05\\\/15\\\/3775\\\/\"},\"wordCount\":157,\"commentCount\":0,\"image\":{\"@id\":\"https:\\\/\\\/blacktigers-sports.com\\\/index.php\\\/2025\\\/05\\\/15\\\/3775\\\/#primaryimage\"},\"thumbnailUrl\":\"https:\\\/\\\/blacktigers-sports.com\\\/wp-content\\\/uploads\\\/2025\\\/05\\\/IMG_3022.jpeg\",\"articleSection\":[\"Divers\"],\"inLanguage\":\"fr-FR\",\"potentialAction\":[{\"@type\":\"CommentAction\",\"name\":\"Comment\",\"target\":[\"https:\\\/\\\/blacktigers-sports.com\\\/index.php\\\/2025\\\/05\\\/15\\\/3775\\\/#respond\"]}]},{\"@type\":\"WebPage\",\"@id\":\"https:\\\/\\\/blacktigers-sports.com\\\/index.php\\\/2025\\\/05\\\/15\\\/3775\\\/\",\"url\":\"https:\\\/\\\/blacktigers-sports.com\\\/index.php\\\/2025\\\/05\\\/15\\\/3775\\\/\",\"name\":\"Samar Mallih offre au Maroc sa premi\u00e8re m\u00e9daille d\u2019or au Championnat du Monde Cadets - BLACK TIGERS\",\"isPartOf\":{\"@id\":\"https:\\\/\\\/blacktigers-sports.com\\\/#website\"},\"primaryImageOfPage\":{\"@id\":\"https:\\\/\\\/blacktigers-sports.com\\\/index.php\\\/2025\\\/05\\\/15\\\/3775\\\/#primaryimage\"},\"image\":{\"@id\":\"https:\\\/\\\/blacktigers-sports.com\\\/index.php\\\/2025\\\/05\\\/15\\\/3775\\\/#primaryimage\"},\"thumbnailUrl\":\"https:\\\/\\\/blacktigers-sports.com\\\/wp-content\\\/uploads\\\/2025\\\/05\\\/IMG_3022.jpeg\",\"datePublished\":\"2025-05-15T23:42:09+00:00\",\"dateModified\":\"2025-05-15T23:44:02+00:00\",\"author\":{\"@id\":\"https:\\\/\\\/blacktigers-sports.com\\\/#\\\/schema\\\/person\\\/e63251e9d6904734ab91fdbedd7049f7\"},\"breadcrumb\":{\"@id\":\"https:\\\/\\\/blacktigers-sports.com\\\/index.php\\\/2025\\\/05\\\/15\\\/3775\\\/#breadcrumb\"},\"inLanguage\":\"fr-FR\",\"potentialAction\":[{\"@type\":\"ReadAction\",\"target\":[\"https:\\\/\\\/blacktigers-sports.com\\\/index.php\\\/2025\\\/05\\\/15\\\/3775\\\/\"]}]},{\"@type\":\"ImageObject\",\"inLanguage\":\"fr-FR\",\"@id\":\"https:\\\/\\\/blacktigers-sports.com\\\/index.php\\\/2025\\\/05\\\/15\\\/3775\\\/#primaryimage\",\"url\":\"https:\\\/\\\/blacktigers-sports.com\\\/wp-content\\\/uploads\\\/2025\\\/05\\\/IMG_3022.jpeg\",\"contentUrl\":\"https:\\\/\\\/blacktigers-sports.com\\\/wp-content\\\/uploads\\\/2025\\\/05\\\/IMG_3022.jpeg\",\"width\":1440,\"height\":1440},{\"@type\":\"BreadcrumbList\",\"@id\":\"https:\\\/\\\/blacktigers-sports.com\\\/index.php\\\/2025\\\/05\\\/15\\\/3775\\\/#breadcrumb\",\"itemListElement\":[{\"@type\":\"ListItem\",\"position\":1,\"name\":\"Accueil\",\"item\":\"https:\\\/\\\/blacktigers-sports.com\\\/\"},{\"@type\":\"ListItem\",\"position\":2,\"name\":\"Samar Mallih offre au Maroc sa premi\u00e8re m\u00e9daille d\u2019or au Championnat du Monde Cadets\"}]},{\"@type\":\"WebSite\",\"@id\":\"https:\\\/\\\/blacktigers-sports.com\\\/#website\",\"url\":\"https:\\\/\\\/blacktigers-sports.com\\\/\",\"name\":\"BLACK TIGERS\",\"description\":\"Monde Sportif\",\"potentialAction\":[{\"@type\":\"SearchAction\",\"target\":{\"@type\":\"EntryPoint\",\"urlTemplate\":\"https:\\\/\\\/blacktigers-sports.com\\\/?s={search_term_string}\"},\"query-input\":{\"@type\":\"PropertyValueSpecification\",\"valueRequired\":true,\"valueName\":\"search_term_string\"}}],\"inLanguage\":\"fr-FR\"},{\"@type\":\"Person\",\"@id\":\"https:\\\/\\\/blacktigers-sports.com\\\/#\\\/schema\\\/person\\\/e63251e9d6904734ab91fdbedd7049f7\",\"name\":\"Samir Elkarroumi\",\"image\":{\"@type\":\"ImageObject\",\"inLanguage\":\"fr-FR\",\"@id\":\"https:\\\/\\\/secure.gravatar.com\\\/avatar\\\/bf1dfcca109de06124448421f1829bdf26ebfa715575fac7242f1fce3891fc4b?s=96&d=mm&r=g\",\"url\":\"https:\\\/\\\/secure.gravatar.com\\\/avatar\\\/bf1dfcca109de06124448421f1829bdf26ebfa715575fac7242f1fce3891fc4b?s=96&d=mm&r=g\",\"contentUrl\":\"https:\\\/\\\/secure.gravatar.com\\\/avatar\\\/bf1dfcca109de06124448421f1829bdf26ebfa715575fac7242f1fce3891fc4b?s=96&d=mm&r=g\",\"caption\":\"Samir Elkarroumi\"},\"url\":\"https:\\\/\\\/blacktigers-sports.com\\\/index.php\\\/author\\\/samir-elkarroumi\\\/\"}]}<\/script>\n<!-- \/ Yoast SEO plugin. -->","yoast_head_json":{"title":"Samar Mallih offre au Maroc sa premi\u00e8re m\u00e9daille d\u2019or au Championnat du Monde Cadets - BLACK TIGERS","robots":{"index":"index","follow":"follow","max-snippet":"max-snippet:-1","max-image-preview":"max-image-preview:large","max-video-preview":"max-video-preview:-1"},"canonical":"https:\/\/blacktigers-sports.com\/index.php\/2025\/05\/15\/3775\/","og_locale":"fr_FR","og_type":"article","og_title":"Samar Mallih offre au Maroc sa premi\u00e8re m\u00e9daille d\u2019or au Championnat du Monde Cadets - BLACK TIGERS","og_description":"Dans un exploit historique, la talentueuse athl\u00e8te marocaine Samar Mallih, repr\u00e9sentant le club Black Tigers Taekwondo \u2013 Sal\u00e9, a remport\u00e9 la premi\u00e8re m\u00e9daille d\u2019or du Maroc dans l\u2019histoire du Championnat du Monde Cadets, tenu \u00e0 Fujairah, \u00c9mirats Arabes Unis. Samar a d\u00e9montr\u00e9 une grande ma\u00eetrise technique et mentale tout au long de la comp\u00e9tition, ce [&hellip;]","og_url":"https:\/\/blacktigers-sports.com\/index.php\/2025\/05\/15\/3775\/","og_site_name":"BLACK TIGERS","article_published_time":"2025-05-15T23:42:09+00:00","article_modified_time":"2025-05-15T23:44:02+00:00","og_image":[{"width":1440,"height":1440,"url":"https:\/\/blacktigers-sports.com\/wp-content\/uploads\/2025\/05\/IMG_3022.jpeg","type":"image\/jpeg"}],"author":"Samir Elkarroumi","twitter_card":"summary_large_image","twitter_misc":{"\u00c9crit par":"Samir Elkarroumi","Dur\u00e9e de lecture estim\u00e9e":"1 minute"},"schema":{"@context":"https:\/\/schema.org","@graph":[{"@type":"Article","@id":"https:\/\/blacktigers-sports.com\/index.php\/2025\/05\/15\/3775\/#article","isPartOf":{"@id":"https:\/\/blacktigers-sports.com\/index.php\/2025\/05\/15\/3775\/"},"author":{"name":"Samir Elkarroumi","@id":"https:\/\/blacktigers-sports.com\/#\/schema\/person\/e63251e9d6904734ab91fdbedd7049f7"},"headline":"Samar Mallih offre au Maroc sa premi\u00e8re m\u00e9daille d\u2019or au Championnat du Monde Cadets","datePublished":"2025-05-15T23:42:09+00:00","dateModified":"2025-05-15T23:44:02+00:00","mainEntityOfPage":{"@id":"https:\/\/blacktigers-sports.com\/index.php\/2025\/05\/15\/3775\/"},"wordCount":157,"commentCount":0,"image":{"@id":"https:\/\/blacktigers-sports.com\/index.php\/2025\/05\/15\/3775\/#primaryimage"},"thumbnailUrl":"https:\/\/blacktigers-sports.com\/wp-content\/uploads\/2025\/05\/IMG_3022.jpeg","articleSection":["Divers"],"inLanguage":"fr-FR","potentialAction":[{"@type":"CommentAction","name":"Comment","target":["https:\/\/blacktigers-sports.com\/index.php\/2025\/05\/15\/3775\/#respond"]}]},{"@type":"WebPage","@id":"https:\/\/blacktigers-sports.com\/index.php\/2025\/05\/15\/3775\/","url":"https:\/\/blacktigers-sports.com\/index.php\/2025\/05\/15\/3775\/","name":"Samar Mallih offre au Maroc sa premi\u00e8re m\u00e9daille d\u2019or au Championnat du Monde Cadets - BLACK TIGERS","isPartOf":{"@id":"https:\/\/blacktigers-sports.com\/#website"},"primaryImageOfPage":{"@id":"https:\/\/blacktigers-sports.com\/index.php\/2025\/05\/15\/3775\/#primaryimage"},"image":{"@id":"https:\/\/blacktigers-sports.com\/index.php\/2025\/05\/15\/3775\/#primaryimage"},"thumbnailUrl":"https:\/\/blacktigers-sports.com\/wp-content\/uploads\/2025\/05\/IMG_3022.jpeg","datePublished":"2025-05-15T23:42:09+00:00","dateModified":"2025-05-15T23:44:02+00:00","author":{"@id":"https:\/\/blacktigers-sports.com\/#\/schema\/person\/e63251e9d6904734ab91fdbedd7049f7"},"breadcrumb":{"@id":"https:\/\/blacktigers-sports.com\/index.php\/2025\/05\/15\/3775\/#breadcrumb"},"inLanguage":"fr-FR","potentialAction":[{"@type":"ReadAction","target":["https:\/\/blacktigers-sports.com\/index.php\/2025\/05\/15\/3775\/"]}]},{"@type":"ImageObject","inLanguage":"fr-FR","@id":"https:\/\/blacktigers-sports.com\/index.php\/2025\/05\/15\/3775\/#primaryimage","url":"https:\/\/blacktigers-sports.com\/wp-content\/uploads\/2025\/05\/IMG_3022.jpeg","contentUrl":"https:\/\/blacktigers-sports.com\/wp-content\/uploads\/2025\/05\/IMG_3022.jpeg","width":1440,"height":1440},{"@type":"BreadcrumbList","@id":"https:\/\/blacktigers-sports.com\/index.php\/2025\/05\/15\/3775\/#breadcrumb","itemListElement":[{"@type":"ListItem","position":1,"name":"Accueil","item":"https:\/\/blacktigers-sports.com\/"},{"@type":"ListItem","position":2,"name":"Samar Mallih offre au Maroc sa premi\u00e8re m\u00e9daille d\u2019or au Championnat du Monde Cadets"}]},{"@type":"WebSite","@id":"https:\/\/blacktigers-sports.com\/#website","url":"https:\/\/blacktigers-sports.com\/","name":"BLACK TIGERS","description":"Monde Sportif","potentialAction":[{"@type":"SearchAction","target":{"@type":"EntryPoint","urlTemplate":"https:\/\/blacktigers-sports.com\/?s={search_term_string}"},"query-input":{"@type":"PropertyValueSpecification","valueRequired":true,"valueName":"search_term_string"}}],"inLanguage":"fr-FR"},{"@type":"Person","@id":"https:\/\/blacktigers-sports.com\/#\/schema\/person\/e63251e9d6904734ab91fdbedd7049f7","name":"Samir Elkarroumi","image":{"@type":"ImageObject","inLanguage":"fr-FR","@id":"https:\/\/secure.gravatar.com\/avatar\/bf1dfcca109de06124448421f1829bdf26ebfa715575fac7242f1fce3891fc4b?s=96&d=mm&r=g","url":"https:\/\/secure.gravatar.com\/avatar\/bf1dfcca109de06124448421f1829bdf26ebfa715575fac7242f1fce3891fc4b?s=96&d=mm&r=g","contentUrl":"https:\/\/secure.gravatar.com\/avatar\/bf1dfcca109de06124448421f1829bdf26ebfa715575fac7242f1fce3891fc4b?s=96&d=mm&r=g","caption":"Samir Elkarroumi"},"url":"https:\/\/blacktigers-sports.com\/index.php\/author\/samir-elkarroumi\/"}]}},"rttpg_featured_image_url":{"full":["https:\/\/blacktigers-sports.com\/wp-content\/uploads\/2025\/05\/IMG_3022.jpeg",1440,1440,false],"landscape":["https:\/\/blacktigers-sports.com\/wp-content\/uploads\/2025\/05\/IMG_3022.jpeg",1440,1440,false],"portraits":["https:\/\/blacktigers-sports.com\/wp-content\/uploads\/2025\/05\/IMG_3022.jpeg",1440,1440,false],"thumbnail":["https:\/\/blacktigers-sports.com\/wp-content\/uploads\/2025\/05\/IMG_3022-150x150.jpeg",150,150,true],"medium":["https:\/\/blacktigers-sports.com\/wp-content\/uploads\/2025\/05\/IMG_3022-300x300.jpeg",300,300,true],"large":["https:\/\/blacktigers-sports.com\/wp-content\/uploads\/2025\/05\/IMG_3022-1024x1024.jpeg",1024,1024,true],"thumblist":["https:\/\/blacktigers-sports.com\/wp-content\/uploads\/2025\/05\/IMG_3022-300x300.jpeg",300,300,true],"thumbrelated":["https:\/\/blacktigers-sports.com\/wp-content\/uploads\/2025\/05\/IMG_3022-500x500.jpeg",500,500,true],"meccarouselthumb":["https:\/\/blacktigers-sports.com\/wp-content\/uploads\/2025\/05\/IMG_3022-474x324.jpeg",474,324,true],"gridsquare":["https:\/\/blacktigers-sports.com\/wp-content\/uploads\/2025\/05\/IMG_3022-391x260.jpeg",391,260,true],"tileview":["https:\/\/blacktigers-sports.com\/wp-content\/uploads\/2025\/05\/IMG_3022-300x400.jpeg",300,400,true],"tf-client-image-size":["https:\/\/blacktigers-sports.com\/wp-content\/uploads\/2025\/05\/IMG_3022-120x120.jpeg",120,120,true],"1536x1536":["https:\/\/blacktigers-sports.com\/wp-content\/uploads\/2025\/05\/IMG_3022.jpeg",1440,1440,false],"2048x2048":["https:\/\/blacktigers-sports.com\/wp-content\/uploads\/2025\/05\/IMG_3022.jpeg",1440,1440,false],"sow-carousel-default":["https:\/\/blacktigers-sports.com\/wp-content\/uploads\/2025\/05\/IMG_3022-272x182.jpeg",272,182,true]},"rttpg_author":{"display_name":"Samir Elkarroumi","author_link":"https:\/\/blacktigers-sports.com\/index.php\/author\/samir-elkarroumi\/"},"rttpg_comment":10,"rttpg_category":"<a href=\"https:\/\/blacktigers-sports.com\/index.php\/category\/uncategorized\/\" rel=\"category tag\">Divers<\/a>","rttpg_excerpt":"Dans un exploit historique, la talentueuse athl\u00e8te marocaine Samar Mallih, repr\u00e9sentant le club Black Tigers Taekwondo \u2013 Sal\u00e9, a remport\u00e9 la premi\u00e8re m\u00e9daille d\u2019or du Maroc dans l\u2019histoire du Championnat du Monde Cadets, tenu \u00e0 Fujairah, \u00c9mirats Arabes Unis. Samar a d\u00e9montr\u00e9 une grande ma\u00eetrise technique et mentale tout au long de la comp\u00e9tition, ce\u2026","_links":{"self":[{"href":"https:\/\/blacktigers-sports.com\/index.php\/wp-json\/wp\/v2\/posts\/3775","targetHints":{"allow":["GET"]}}],"collection":[{"href":"https:\/\/blacktigers-sports.com\/index.php\/wp-json\/wp\/v2\/posts"}],"about":[{"href":"https:\/\/blacktigers-sports.com\/index.php\/wp-json\/wp\/v2\/types\/post"}],"author":[{"embeddable":true,"href":"https:\/\/blacktigers-sports.com\/index.php\/wp-json\/wp\/v2\/users\/2"}],"replies":[{"embeddable":true,"href":"https:\/\/blacktigers-sports.com\/index.php\/wp-json\/wp\/v2\/comments?post=3775"}],"version-history":[{"count":3,"href":"https:\/\/blacktigers-sports.com\/index.php\/wp-json\/wp\/v2\/posts\/3775\/revisions"}],"predecessor-version":[{"id":3781,"href":"https:\/\/blacktigers-sports.com\/index.php\/wp-json\/wp\/v2\/posts\/3775\/revisions\/3781"}],"wp:featuredmedia":[{"embeddable":true,"href":"https:\/\/blacktigers-sports.com\/index.php\/wp-json\/wp\/v2\/media\/3776"}],"wp:attachment":[{"href":"https:\/\/blacktigers-sports.com\/index.php\/wp-json\/wp\/v2\/media?parent=3775"}],"wp:term":[{"taxonomy":"category","embeddable":true,"href":"https:\/\/blacktigers-sports.com\/index.php\/wp-json\/wp\/v2\/categories?post=3775"},{"taxonomy":"post_tag","embeddable":true,"href":"https:\/\/blacktigers-sports.com\/index.php\/wp-json\/wp\/v2\/tags?post=3775"}],"curies":[{"name":"wp","href":"https:\/\/api.w.org\/{rel}","templated":true}]}}